{"id":778,"date":"2015-06-15T00:00:00","date_gmt":"2015-06-15T00:00:00","guid":{"rendered":"https:\/\/ens40-sfe.infd.edu.ar\/sitio\/acto-de-colacion-e-inicio-del-ciclo-lectivo\/"},"modified":"2015-06-15T00:00:00","modified_gmt":"2015-06-15T00:00:00","slug":"acto-de-colacion-e-inicio-del-ciclo-lectivo","status":"publish","type":"post","link":"https:\/\/ens40-sfe.infd.edu.ar\/sitio\/acto-de-colacion-e-inicio-del-ciclo-lectivo\/","title":{"rendered":"ACTO DE COLACI\u00d3N E INICIO DEL CICLO LECTIVO"},"content":{"rendered":"<p class=\"sitio_noticia_volanta\" >ACTO DE EGRESADOS 2014<\/p>\n<h3>ACTO DE COLACI\u00d3N E INICIO DEL CICLO LECTIVO<\/h3>\n<p class=\"sitio_noticia_copete\" >Se llev\u00f3 a cabo el Acto de Colaci\u00f3n para los Egresados 2014 e Inicio del Ciclo Lectivo 2015<\/p>\n<hr class=\"sitio_noticia_contenido\" \/>\n<p >\n<p>Hacer click par ver los videos de Bienvenida<\/p>\n<p>&nbsp;<\/p>\n<\/p>\n<div class=\"sitio_noticia_file\">\n                            Archivo relacionado:<br \/>\n                            <a href=\"http:\/\/ens40-sfe.infd.edu.ar\/sitio\/wp-content\/uploads\/sitio\/ACTO_2015.mp4\" title=\"descargar archivo\"><br \/>\n                            ACTO_2015.mp4<br \/>\n                            <\/a>\n                        <\/div>\n","protected":false},"excerpt":{"rendered":"<p>ACTO DE EGRESADOS 2014 ACTO DE COLACI\u00d3N E INICIO DEL CICLO LECTIVO Se llev\u00f3 a cabo el Acto de Colaci\u00f3n para los Egresados 2014 e Inicio del Ciclo Lectivo 2015 Hacer click par ver los videos de Bienvenida &nbsp; Archivo relacionado: ACTO_2015.mp4<\/p>\n","protected":false},"author":16,"featured_media":0,"comment_status":"open","ping_status":"open","sticky":false,"template":"","format":"standard","meta":[],"categories":[21,20],"tags":[],"acf":[],"_links":{"self":[{"href":"https:\/\/ens40-sfe.infd.edu.ar\/sitio\/wp-json\/wp\/v2\/posts\/778"}],"collection":[{"href":"https:\/\/ens40-sfe.infd.edu.ar\/sitio\/wp-json\/wp\/v2\/posts"}],"about":[{"href":"https:\/\/ens40-sfe.infd.edu.ar\/sitio\/wp-json\/wp\/v2\/types\/post"}],"author":[{"embeddable":true,"href":"https:\/\/ens40-sfe.infd.edu.ar\/sitio\/wp-json\/wp\/v2\/users\/16"}],"replies":[{"embeddable":true,"href":"https:\/\/ens40-sfe.infd.edu.ar\/sitio\/wp-json\/wp\/v2\/comments?post=778"}],"version-history":[{"count":0,"href":"https:\/\/ens40-sfe.infd.edu.ar\/sitio\/wp-json\/wp\/v2\/posts\/778\/revisions"}],"wp:attachment":[{"href":"https:\/\/ens40-sfe.infd.edu.ar\/sitio\/wp-json\/wp\/v2\/media?parent=778"}],"wp:term":[{"taxonomy":"category","embeddable":true,"href":"https:\/\/ens40-sfe.infd.edu.ar\/sitio\/wp-json\/wp\/v2\/categories?post=778"},{"taxonomy":"post_tag","embeddable":true,"href":"https:\/\/ens40-sfe.infd.edu.ar\/sitio\/wp-json\/wp\/v2\/tags?post=778"}],"curies":[{"name":"wp","href":"https:\/\/api.w.org\/{rel}","templated":true}]}}