{"id":758,"date":"2009-10-19T00:00:00","date_gmt":"2009-10-19T00:00:00","guid":{"rendered":"https:\/\/ens40-sfe.infd.edu.ar\/sitio\/alumnos-de-las-tecnicaturas-exponen-trabajo-de-promocion-del-area-industrial-de-san-cristobal\/"},"modified":"2009-10-19T00:00:00","modified_gmt":"2009-10-19T00:00:00","slug":"alumnos-de-las-tecnicaturas-exponen-trabajo-de-promocion-del-area-industrial-de-san-cristobal","status":"publish","type":"post","link":"https:\/\/ens40-sfe.infd.edu.ar\/sitio\/alumnos-de-las-tecnicaturas-exponen-trabajo-de-promocion-del-area-industrial-de-san-cristobal\/","title":{"rendered":"ALUMNOS DE LAS TECNICATURAS EXPONEN TRABAJO DE PROMOCI\u00d3N DEL \u00c1REA INDUSTRIAL DE SAN CRIST\u00d3BAL"},"content":{"rendered":"<p class=\"sitio_noticia_volanta\" > ALUMNOS DE TECNICATURA EXPONENANTE EMPRESARIOS SANCRISTOBALENSES<\/p>\n<h3>ALUMNOS DE LAS TECNICATURAS EXPONEN TRABAJO DE PROMOCI\u00d3N DEL \u00c1REA INDUSTRIAL DE SAN CRIST\u00d3BAL<\/h3>\n<p class=\"sitio_noticia_copete\" >SE REALIZAR\u00c1 EL MARTES 20 DE OCTUBRE EN EL LICEO MUNICIPAL \u00abANGELA PERALTA PINO\u00bb<\/p>\n<hr class=\"sitio_noticia_contenido\" \/>\n<p >\n<p>ALUMNOS DE LAS TECNICATURAS EXPONEN TRABAJO DE PROMOCI&Oacute;N DEL &Aacute;REA INDUCTRIAL DE SAN CRIST&Oacute;BAL<\/p>\n<p>A partir de una convocatoria del Intendente Municipal, Horacio Pascual Rigo, alumnos de tercer A&ntilde;o de las Tecnicaturas Superiores,junto a un grupo de&nbsp; Docentes, han realizado un an&aacute;lisis de la Ley Provincial, el Decreto Reglamentario y las Ordenanzas Municipales, referidas a la puesta en marcha del &Aacute;rea Industrial de San Crist&oacute;bal.<\/p>\n<p>Por esta raz&oacute;n, realizar&aacute;n una exposici&oacute;n frente a empresarios locales, convocados por la Municiaplidad, con el objeto de aclarar los requisitos y condiciones para instalaci&oacute;n de empresas en dicha &Aacute;rea.<\/p>\n<p>Las acciones desarolladas se enmarcan en la necesidad de ofrecer a los estudiantes del Instituto, posibilidades de vincularse con el mundo del trabajo, con las necesidades institucionales locales y regionales-<\/p><\/p>\n","protected":false},"excerpt":{"rendered":"<p>ALUMNOS DE TECNICATURA EXPONENANTE EMPRESARIOS SANCRISTOBALENSES ALUMNOS DE LAS TECNICATURAS EXPONEN TRABAJO DE PROMOCI\u00d3N DEL \u00c1REA INDUSTRIAL DE SAN CRIST\u00d3BAL SE REALIZAR\u00c1 EL MARTES 20 DE OCTUBRE EN EL LICEO MUNICIPAL \u00abANGELA PERALTA PINO\u00bb ALUMNOS DE LAS TECNICATURAS EXPONEN TRABAJO DE PROMOCI&Oacute;N DEL &Aacute;REA INDUCTRIAL DE SAN CRIST&Oacute;BAL A partir de una convocatoria del Intendente &#8230; <a title=\"ALUMNOS DE LAS TECNICATURAS EXPONEN TRABAJO DE PROMOCI\u00d3N DEL \u00c1REA INDUSTRIAL DE SAN CRIST\u00d3BAL\" class=\"read-more\" href=\"https:\/\/ens40-sfe.infd.edu.ar\/sitio\/alumnos-de-las-tecnicaturas-exponen-trabajo-de-promocion-del-area-industrial-de-san-cristobal\/\" aria-label=\"More on ALUMNOS DE LAS TECNICATURAS EXPONEN TRABAJO DE PROMOCI\u00d3N DEL \u00c1REA INDUSTRIAL DE SAN CRIST\u00d3BAL\">[+]<\/a><\/p>\n","protected":false},"author":16,"featured_media":0,"comment_status":"open","ping_status":"open","sticky":false,"template":"","format":"standard","meta":[],"categories":[21,20],"tags":[],"acf":[],"_links":{"self":[{"href":"https:\/\/ens40-sfe.infd.edu.ar\/sitio\/wp-json\/wp\/v2\/posts\/758"}],"collection":[{"href":"https:\/\/ens40-sfe.infd.edu.ar\/sitio\/wp-json\/wp\/v2\/posts"}],"about":[{"href":"https:\/\/ens40-sfe.infd.edu.ar\/sitio\/wp-json\/wp\/v2\/types\/post"}],"author":[{"embeddable":true,"href":"https:\/\/ens40-sfe.infd.edu.ar\/sitio\/wp-json\/wp\/v2\/users\/16"}],"replies":[{"embeddable":true,"href":"https:\/\/ens40-sfe.infd.edu.ar\/sitio\/wp-json\/wp\/v2\/comments?post=758"}],"version-history":[{"count":0,"href":"https:\/\/ens40-sfe.infd.edu.ar\/sitio\/wp-json\/wp\/v2\/posts\/758\/revisions"}],"wp:attachment":[{"href":"https:\/\/ens40-sfe.infd.edu.ar\/sitio\/wp-json\/wp\/v2\/media?parent=758"}],"wp:term":[{"taxonomy":"category","embeddable":true,"href":"https:\/\/ens40-sfe.infd.edu.ar\/sitio\/wp-json\/wp\/v2\/categories?post=758"},{"taxonomy":"post_tag","embeddable":true,"href":"https:\/\/ens40-sfe.infd.edu.ar\/sitio\/wp-json\/wp\/v2\/tags?post=758"}],"curies":[{"name":"wp","href":"https:\/\/api.w.org\/{rel}","templated":true}]}}