{"id":1284,"date":"2020-03-15T00:18:44","date_gmt":"2020-03-15T03:18:44","guid":{"rendered":"https:\/\/ens40-sfe.infd.edu.ar\/sitio\/?p=1284"},"modified":"2020-11-19T19:52:28","modified_gmt":"2020-11-19T22:52:28","slug":"suspension-temporaria-de-las-clases-presenciales-del-propedeutico-2020-2","status":"publish","type":"post","link":"https:\/\/ens40-sfe.infd.edu.ar\/sitio\/suspension-temporaria-de-las-clases-presenciales-del-propedeutico-2020-2\/","title":{"rendered":"SUSPENSI\u00d3N TEMPORARIA DE LAS CLASES PRESENCIALES DEL PROPED\u00c9UTICO 2020"},"content":{"rendered":"<p>Se informa a los Ingresantes 2020 al Nivel Superior de la Escuela Normal Superior N\u00b0 40 \u00abMariano\u00a0 Moreno\u00bb que en funci\u00f3n de la compleja situaci\u00f3n epidemiol\u00f3gica\u00a0 que est\u00e1 atravesando el pa\u00eds y el mundo, se suspender\u00e1n transitoriamente las clases presenciales del\u00a0 PROPED\u00c9UTICO 2020, hasta nuevo aviso.<\/p>\n<p>No obstante, se implementar\u00e1 el cursado virtual del Propede\u00fatico: el material de lectura y las actividades correspondientes est\u00e1n subidas al sitio web de la instituci\u00f3n https:\/\/ens40-sfe.infd.edu.ar<\/p>\n<p>a los que pueden acceder f\u00e1cilmente. Adem\u00e1s, dicho material est\u00e1 disponible en la fotocopiadora de la instituci\u00f3n.<\/p>\n<p>Se desarrollar\u00e1n aulas virtuales de cada eje tem\u00e1tico para permitir la interacci\u00f3n estudiante -docente. Ante cualquier duda, comunicarse a la instituci\u00f3n utilzando los siguientes medios:<\/p>\n<p>tel\u00e9fono: 03340842247 (de 16:50 a 22:00 hs)<\/p>\n<p>email: superiorbedelia40@yahoo.com.ar<\/p>\n<p>Se recuerda conservar la calma y aplicar las normas de higiene y limpieza de prevenci\u00f3n.<\/p>\n<p>Seguiremos informando a medida que ocurran novedades.<\/p>\n<p>Un cordial saludo.<\/p>\n<p>Equipo Directivo<\/p>\n","protected":false},"excerpt":{"rendered":"<p>Se informa a los Ingresantes 2020 al Nivel Superior de la Escuela Normal Superior N\u00b0 40 \u00abMariano\u00a0 Moreno\u00bb que en funci\u00f3n de la compleja situaci\u00f3n epidemiol\u00f3gica\u00a0 que est\u00e1 atravesando el pa\u00eds y el mundo, se suspender\u00e1n transitoriamente las clases presenciales del\u00a0 PROPED\u00c9UTICO 2020, hasta nuevo aviso. No obstante, se implementar\u00e1 el cursado virtual del Propede\u00fatico: &#8230; <a title=\"SUSPENSI\u00d3N TEMPORARIA DE LAS CLASES PRESENCIALES DEL PROPED\u00c9UTICO 2020\" class=\"read-more\" href=\"https:\/\/ens40-sfe.infd.edu.ar\/sitio\/suspension-temporaria-de-las-clases-presenciales-del-propedeutico-2020-2\/\" aria-label=\"More on SUSPENSI\u00d3N TEMPORARIA DE LAS CLASES PRESENCIALES DEL PROPED\u00c9UTICO 2020\">[+]<\/a><\/p>\n","protected":false},"author":16,"featured_media":0,"comment_status":"open","ping_status":"open","sticky":false,"template":"","format":"standard","meta":[],"categories":[1],"tags":[],"acf":[],"_links":{"self":[{"href":"https:\/\/ens40-sfe.infd.edu.ar\/sitio\/wp-json\/wp\/v2\/posts\/1284"}],"collection":[{"href":"https:\/\/ens40-sfe.infd.edu.ar\/sitio\/wp-json\/wp\/v2\/posts"}],"about":[{"href":"https:\/\/ens40-sfe.infd.edu.ar\/sitio\/wp-json\/wp\/v2\/types\/post"}],"author":[{"embeddable":true,"href":"https:\/\/ens40-sfe.infd.edu.ar\/sitio\/wp-json\/wp\/v2\/users\/16"}],"replies":[{"embeddable":true,"href":"https:\/\/ens40-sfe.infd.edu.ar\/sitio\/wp-json\/wp\/v2\/comments?post=1284"}],"version-history":[{"count":1,"href":"https:\/\/ens40-sfe.infd.edu.ar\/sitio\/wp-json\/wp\/v2\/posts\/1284\/revisions"}],"predecessor-version":[{"id":1285,"href":"https:\/\/ens40-sfe.infd.edu.ar\/sitio\/wp-json\/wp\/v2\/posts\/1284\/revisions\/1285"}],"wp:attachment":[{"href":"https:\/\/ens40-sfe.infd.edu.ar\/sitio\/wp-json\/wp\/v2\/media?parent=1284"}],"wp:term":[{"taxonomy":"category","embeddable":true,"href":"https:\/\/ens40-sfe.infd.edu.ar\/sitio\/wp-json\/wp\/v2\/categories?post=1284"},{"taxonomy":"post_tag","embeddable":true,"href":"https:\/\/ens40-sfe.infd.edu.ar\/sitio\/wp-json\/wp\/v2\/tags?post=1284"}],"curies":[{"name":"wp","href":"https:\/\/api.w.org\/{rel}","templated":true}]}}