{"id":1281,"date":"2020-03-15T00:02:11","date_gmt":"2020-03-15T03:02:11","guid":{"rendered":"https:\/\/ens40-sfe.infd.edu.ar\/sitio\/?p=1281"},"modified":"2020-03-15T00:02:11","modified_gmt":"2020-03-15T03:02:11","slug":"suspension-temporaria-de-las-clases-presenciales-del-propedeutico-2020","status":"publish","type":"post","link":"https:\/\/ens40-sfe.infd.edu.ar\/sitio\/suspension-temporaria-de-las-clases-presenciales-del-propedeutico-2020\/","title":{"rendered":"SUSPENSI\u00d3N TEMPORARIA DE LAS CLASES PRESENCIALES DEL PROPED\u00c9UTICO 2020"},"content":{"rendered":"<p>SUSPENSI\u00d3N TEMPORARIA DE LAS CLASES PRESENCIALES DEL PROPED\u00c9UTICO 2020<\/p>\n<p>Se informa a los Ingresantes 2020 al Nivel Superior de la Escuela Normal Superior N\u00b0 40 \u00abMariano\u00a0 Moreno\u00bb que en funci\u00f3n de la compleja situaci\u00f3n epidemiol\u00f3gica\u00a0 que est\u00e1 atravesando el pa\u00eds y el mundo, se suspender\u00e1n transitoriamanente las clases presenciales del\u00a0 proped\u00e9utico 2020, hasta nuevo aviso.<\/p>\n<p>No obstante, se implementar\u00e1 el cursado virtual del Propede\u00fatico: el material de lectura y las actividades correspondientes est\u00e1n subidas al sitio web de la instituci\u00f3n https:\/\/ens40-sfe.infd.edu.ar<\/p>\n<p>a los que pueden acceder f\u00e1cilmente. Adem\u00e1s, dicho material est\u00e1 disponible en la fotocopiadora de la instituci\u00f3n.<\/p>\n<p>Se desarrollar\u00e1n aulas virtuales de cada eje tem\u00e1tico para permitir la interacci\u00f3n estudiante -docente. Ante cualquier duda, comunicarse a la instituci\u00f3n utilzando los siguientes medios:<\/p>\n<p>tel\u00e9fono: 03340842247 (de 16:50 a 22:00 hs)<\/p>\n<p>email: superiorbedelia40@yahoo.com.ar<\/p>\n<p>Se recuerda conservar la calma y aplicar las normas de higiene y limpieza de prevenci\u00f3n.<\/p>\n<p>Seguiremos informando a medida que ocurran novedades.<\/p>\n<p>Un cordial saludo<\/p>\n<p>Equipo Directivo<\/p>\n","protected":false},"excerpt":{"rendered":"<p>SUSPENSI\u00d3N TEMPORARIA DE LAS CLASES PRESENCIALES DEL PROPED\u00c9UTICO 2020 Se informa a los Ingresantes 2020 al Nivel Superior de la Escuela Normal Superior N\u00b0 40 \u00abMariano\u00a0 Moreno\u00bb que en funci\u00f3n de la compleja situaci\u00f3n epidemiol\u00f3gica\u00a0 que est\u00e1 atravesando el pa\u00eds y el mundo, se suspender\u00e1n transitoriamanente las clases presenciales del\u00a0 proped\u00e9utico 2020, hasta nuevo aviso. &#8230; <a title=\"SUSPENSI\u00d3N TEMPORARIA DE LAS CLASES PRESENCIALES DEL PROPED\u00c9UTICO 2020\" class=\"read-more\" href=\"https:\/\/ens40-sfe.infd.edu.ar\/sitio\/suspension-temporaria-de-las-clases-presenciales-del-propedeutico-2020\/\" aria-label=\"More on SUSPENSI\u00d3N TEMPORARIA DE LAS CLASES PRESENCIALES DEL PROPED\u00c9UTICO 2020\">[+]<\/a><\/p>\n","protected":false},"author":16,"featured_media":0,"comment_status":"open","ping_status":"open","sticky":false,"template":"","format":"standard","meta":[],"categories":[22,8,21],"tags":[],"acf":[],"_links":{"self":[{"href":"https:\/\/ens40-sfe.infd.edu.ar\/sitio\/wp-json\/wp\/v2\/posts\/1281"}],"collection":[{"href":"https:\/\/ens40-sfe.infd.edu.ar\/sitio\/wp-json\/wp\/v2\/posts"}],"about":[{"href":"https:\/\/ens40-sfe.infd.edu.ar\/sitio\/wp-json\/wp\/v2\/types\/post"}],"author":[{"embeddable":true,"href":"https:\/\/ens40-sfe.infd.edu.ar\/sitio\/wp-json\/wp\/v2\/users\/16"}],"replies":[{"embeddable":true,"href":"https:\/\/ens40-sfe.infd.edu.ar\/sitio\/wp-json\/wp\/v2\/comments?post=1281"}],"version-history":[{"count":1,"href":"https:\/\/ens40-sfe.infd.edu.ar\/sitio\/wp-json\/wp\/v2\/posts\/1281\/revisions"}],"predecessor-version":[{"id":1283,"href":"https:\/\/ens40-sfe.infd.edu.ar\/sitio\/wp-json\/wp\/v2\/posts\/1281\/revisions\/1283"}],"wp:attachment":[{"href":"https:\/\/ens40-sfe.infd.edu.ar\/sitio\/wp-json\/wp\/v2\/media?parent=1281"}],"wp:term":[{"taxonomy":"category","embeddable":true,"href":"https:\/\/ens40-sfe.infd.edu.ar\/sitio\/wp-json\/wp\/v2\/categories?post=1281"},{"taxonomy":"post_tag","embeddable":true,"href":"https:\/\/ens40-sfe.infd.edu.ar\/sitio\/wp-json\/wp\/v2\/tags?post=1281"}],"curies":[{"name":"wp","href":"https:\/\/api.w.org\/{rel}","templated":true}]}}